{"id":4059,"date":"2024-01-20T17:30:22","date_gmt":"2024-01-20T16:30:22","guid":{"rendered":"https:\/\/bo-it.org\/wpsite?p=4059"},"modified":"2024-01-23T20:22:00","modified_gmt":"2024-01-23T19:22:00","slug":"boitlab-al-civico32","status":"publish","type":"post","link":"https:\/\/bo-it.org\/wpsite\/news\/boitlab-al-civico32.html","title":{"rendered":"Un nuovissimo BOit Lab @ Civico 32 per la festa dei  20 anni dell&#8217;associazione!"},"content":{"rendered":"\n<h4 class=\"wp-block-heading\"><strong><mark style=\"background-color:rgba(0, 0, 0, 0)\" class=\"has-inline-color has-vivid-red-color\">Domenica 28 gennaio<\/mark> a Bologna si terr\u00e0 una festa importante per il nostro concorso d&#8217;Illustrazione. Si tratta di festeggiare ben <mark style=\"background-color:rgba(0, 0, 0, 0)\" class=\"has-inline-color has-vivid-red-color\">20 anni di vita di Civico 32<\/mark>, una delle due associazioni promotrici del premio BOit!<\/strong><\/h4>\n\n\n\n<h4 class=\"wp-block-heading\"><strong>Ecco quindi che come BOit team abbiamo pensato a dei modi davvero speciali per prendere parte all&#8217;iniziativa!<\/strong><\/h4>\n\n\n\n<h4 class=\"wp-block-heading\"><strong>Il primo \u00e8 un <mark style=\"background-color:rgba(0, 0, 0, 0)\" class=\"has-inline-color has-vivid-red-color\">laboratorio<\/mark> appositamente ideato e condotto dalla nostra associazione tramite le illustratrici <mark style=\"background-color:rgba(0, 0, 0, 0)\" class=\"has-inline-color has-vivid-red-color\">Marta Viviani <\/mark>e <mark style=\"background-color:rgba(0, 0, 0, 0)\" class=\"has-inline-color has-vivid-red-color\">Sara Bernardi<\/mark>: &#8220;Stampa to GO&#8221; un nuovo lab di stampa in monotipia. Questa attivit\u00e0 \u00e8 rivolta ad appassionati d&#8217;arte e stampa, grandi e piccoli, e avr\u00e0 lo scopo finale di trasformare ogni impronta di foglia in un&#8217;opera d&#8217;arte unica! <\/strong><\/h4>\n\n\n\n<h4 class=\"wp-block-heading\"><strong>Il secondo \u00e8 una piccola ma significativa <mark style=\"background-color:rgba(0, 0, 0, 0)\" class=\"has-inline-color has-vivid-red-color\">mostra<\/mark> con le riproduzioni in scala delle <mark style=\"background-color:rgba(0, 0, 0, 0)\" class=\"has-inline-color has-vivid-red-color\">opere della terza edizione di BOit! Concorso Internazionale d&#8217;Illustrazione<\/mark>. Il tutto sar\u00e0 accompagnato anche da un&#8217;intervento alle ore 17.30 sul Concorso in quanto parte delle molte e varie attivit\u00e0 promosse dal Civico 32 in ben vent&#8217;anni d&#8217;attivit\u00e0, proprio dopo l&#8217;attesissimo saluto di Alessandro Bergonzoni! <\/strong><\/h4>\n\n\n\n<h4 class=\"wp-block-heading\"><strong>E infatti non finisce qui, anzi ecco tutto il bel <mark style=\"background-color:rgba(0, 0, 0, 0)\" class=\"has-inline-color has-vivid-red-color\">programma di festeggiamenti <\/mark>organizzato dal Civico 32 di seguito per voi:<\/strong><\/h4>\n\n\n\n<div style=\"height:40px\" aria-hidden=\"true\" class=\"wp-block-spacer\"><\/div>\n\n\n\n<figure class=\"wp-block-image size-large\"><img loading=\"lazy\" decoding=\"async\" width=\"905\" height=\"1280\" src=\"\/files\/programma-civico-ok-905x1280.jpg\" alt=\"\" class=\"wp-image-4077\" srcset=\"\/files\/programma-civico-ok-905x1280.jpg 905w, \/files\/programma-civico-ok-600x849.jpg 600w, \/files\/programma-civico-ok-377x533.jpg 377w, \/files\/programma-civico-ok-768x1086.jpg 768w, \/files\/programma-civico-ok-1086x1536.jpg 1086w, \/files\/programma-civico-ok.jpg 1240w\" sizes=\"auto, (max-width: 905px) 100vw, 905px\" \/><\/figure>\n\n\n\n<div style=\"height:40px\" aria-hidden=\"true\" class=\"wp-block-spacer\"><\/div>\n\n\n\n<h4 class=\"wp-block-heading\">Che dire quindi se non: <mark style=\"background-color:rgba(0, 0, 0, 0)\" class=\"has-inline-color has-vivid-red-color\">ci vediamo domenica 28 gennaio<\/mark> a Bologna in <mark style=\"background-color:rgba(0, 0, 0, 0)\" class=\"has-inline-color has-vivid-red-color\">via Nazario Sauro 24a<\/mark>!<\/h4>\n\n\n\n<h4 class=\"wp-block-heading\">Il laboratorio sar\u00e0 attivo a partire dalle ore 17.30, ma non perdetevi anche tutti gli altri interessanti interventi ed attivit\u00e0 della giornata di festa!!!<\/h4>\n","protected":false},"excerpt":{"rendered":"<p>Vi presentiamo il nuovo BOit! Lab: un laboratorio gratuito di stampa in monotipia con Sara Bernardi e Marta Viviani, pensato appositamente per la festa dei 20 anni del Civico 32, associazione capofila del concorso.<\/p>\n","protected":false},"author":1,"featured_media":4060,"comment_status":"closed","ping_status":"closed","sticky":false,"template":"","format":"standard","meta":{"_acf_changed":false,"footnotes":""},"categories":[8],"tags":[53],"class_list":["post-4059","post","type-post","status-publish","format-standard","has-post-thumbnail","hentry","category-news","tag-boit-labs"],"acf":[],"nelio_content":{"autoShareEndMode":"never","automationSources":{"useCustomSentences":false,"customSentences":[]},"efiAlt":"","efiUrl":"","followers":[1],"highlights":[],"isAutoShareEnabled":true,"networkImageIds":[],"permalinkQueryArgs":[],"series":[],"suggestedReferences":[]},"_links":{"self":[{"href":"https:\/\/bo-it.org\/wpsite\/wp-json\/wp\/v2\/posts\/4059","targetHints":{"allow":["GET"]}}],"collection":[{"href":"https:\/\/bo-it.org\/wpsite\/wp-json\/wp\/v2\/posts"}],"about":[{"href":"https:\/\/bo-it.org\/wpsite\/wp-json\/wp\/v2\/types\/post"}],"author":[{"embeddable":true,"href":"https:\/\/bo-it.org\/wpsite\/wp-json\/wp\/v2\/users\/1"}],"replies":[{"embeddable":true,"href":"https:\/\/bo-it.org\/wpsite\/wp-json\/wp\/v2\/comments?post=4059"}],"version-history":[{"count":3,"href":"https:\/\/bo-it.org\/wpsite\/wp-json\/wp\/v2\/posts\/4059\/revisions"}],"predecessor-version":[{"id":4079,"href":"https:\/\/bo-it.org\/wpsite\/wp-json\/wp\/v2\/posts\/4059\/revisions\/4079"}],"wp:featuredmedia":[{"embeddable":true,"href":"https:\/\/bo-it.org\/wpsite\/wp-json\/wp\/v2\/media\/4060"}],"wp:attachment":[{"href":"https:\/\/bo-it.org\/wpsite\/wp-json\/wp\/v2\/media?parent=4059"}],"wp:term":[{"taxonomy":"category","embeddable":true,"href":"https:\/\/bo-it.org\/wpsite\/wp-json\/wp\/v2\/categories?post=4059"},{"taxonomy":"post_tag","embeddable":true,"href":"https:\/\/bo-it.org\/wpsite\/wp-json\/wp\/v2\/tags?post=4059"}],"curies":[{"name":"wp","href":"https:\/\/api.w.org\/{rel}","templated":true}]}}